{"id":4584,"date":"2024-02-20T19:25:16","date_gmt":"2024-02-20T19:25:16","guid":{"rendered":"https:\/\/spacemakers.pt\/?p=4584"},"modified":"2024-08-12T15:47:22","modified_gmt":"2024-08-12T15:47:22","slug":"double-tree-hilton-azores","status":"publish","type":"post","link":"https:\/\/www.spacemakers.pt\/fr\/double-tree-hilton-azores\/","title":{"rendered":"Double Tree by Hilton Azores"},"content":{"rendered":"<h2 class=\"wp-block-heading\">Concept : <strong>Le rythme de la nature<\/strong><\/h2>\n\n\n\n<p>L'essence du concept de ce projet d'architecture et de design repose sur trois \u00e9l\u00e9ments qui caract\u00e9risent S\u00e3o Miguel dans son orographie : le bois, l'eau et la pierre.&nbsp;<\/p>\n\n\n\n<p>Le bois qui caract\u00e9rise la for\u00eat de Laurissilva, avec sa flore exub\u00e9rante, est repr\u00e9sent\u00e9 dans ce concept par l'utilisation de surfaces et de lattes en bois dans un rythme d'ombre et de lumi\u00e8re.<\/p>\n\n\n\n<p>L'eau refl\u00e8te l'immensit\u00e9 de l'oc\u00e9an Atlantique, les diff\u00e9rentes lagunes volcaniques et les piscines naturelles, repr\u00e9sent\u00e9es dans la fluidit\u00e9 des espaces et la transparence des mat\u00e9riaux.<\/p>\n\n\n\n<p>La pierre repr\u00e9sente la topographie de l'\u00eele, les paysages terrestres et volcaniques, les sentiers de randonn\u00e9e, les plages de sable noir et les villes de pierre pr\u00e9sentes dans l'utilisation vari\u00e9e du basalte et dans les couleurs des c\u00e9ramiques.<\/p>\n\n\n\n<div style=\"height:20px\" aria-hidden=\"true\" class=\"wp-block-spacer\"><\/div>\n\n\n\n<figure class=\"wp-block-image size-large is-resized\"><img fetchpriority=\"high\" decoding=\"async\" width=\"1024\" height=\"177\" src=\"https:\/\/www.spacemakers.pt\/wp-content\/uploads\/2024\/02\/imagem_design_geometrico-e1709028117332-1024x177.png\" alt=\"\" class=\"wp-image-4704\" style=\"width:1200px\" srcset=\"https:\/\/www.spacemakers.pt\/wp-content\/uploads\/2024\/02\/imagem_design_geometrico-e1709028117332-1024x177.png 1024w, https:\/\/www.spacemakers.pt\/wp-content\/uploads\/2024\/02\/imagem_design_geometrico-e1709028117332-300x52.png 300w, https:\/\/www.spacemakers.pt\/wp-content\/uploads\/2024\/02\/imagem_design_geometrico-e1709028117332-768x133.png 768w, https:\/\/www.spacemakers.pt\/wp-content\/uploads\/2024\/02\/imagem_design_geometrico-e1709028117332-1536x266.png 1536w, https:\/\/www.spacemakers.pt\/wp-content\/uploads\/2024\/02\/imagem_design_geometrico-e1709028117332-18x3.png 18w, https:\/\/www.spacemakers.pt\/wp-content\/uploads\/2024\/02\/imagem_design_geometrico-e1709028117332.png 2000w\" sizes=\"(max-width: 1024px) 100vw, 1024px\" \/><\/figure>\n\n\n\n<p>L'orographie de S\u00e3o Miguel nous a inspir\u00e9s dans ce projet architectural pour cr\u00e9er une \"ligne d'horizon\" topographique qui est appliqu\u00e9e \u00e0 ce concept dans diff\u00e9rents domaines, comme on peut le voir \u00e0 la r\u00e9ception, dans les couloirs des chambres et dans toute la signalisation de l'h\u00f4tel.<\/p>\n\n\n\n<div style=\"height:50px\" aria-hidden=\"true\" class=\"wp-block-spacer\"><\/div>\n\n\n\n<figure class=\"wp-block-image size-full is-resized\"><img decoding=\"async\" width=\"1960\" height=\"1270\" src=\"https:\/\/www.spacemakers.pt\/wp-content\/uploads\/2024\/02\/Frame-1-2.png\" alt=\"\" class=\"wp-image-4895\" style=\"width:1200px\" srcset=\"https:\/\/www.spacemakers.pt\/wp-content\/uploads\/2024\/02\/Frame-1-2.png 1960w, https:\/\/www.spacemakers.pt\/wp-content\/uploads\/2024\/02\/Frame-1-2-300x194.png 300w, https:\/\/www.spacemakers.pt\/wp-content\/uploads\/2024\/02\/Frame-1-2-1024x664.png 1024w, https:\/\/www.spacemakers.pt\/wp-content\/uploads\/2024\/02\/Frame-1-2-768x498.png 768w, https:\/\/www.spacemakers.pt\/wp-content\/uploads\/2024\/02\/Frame-1-2-1536x995.png 1536w, https:\/\/www.spacemakers.pt\/wp-content\/uploads\/2024\/02\/Frame-1-2-18x12.png 18w\" sizes=\"(max-width: 1960px) 100vw, 1960px\" \/><\/figure>\n\n\n\n<div style=\"height:50px\" aria-hidden=\"true\" class=\"wp-block-spacer\"><\/div>\n\n\n\n<h2 class=\"wp-block-heading\">Projet d'architecture et de design<\/h2>\n\n\n\n<div style=\"height:30px\" aria-hidden=\"true\" class=\"wp-block-spacer\"><\/div>\n\n\n\n<p>L'h\u00f4tel 5 \u00e9toiles DoubleTree by Hilton Azores a \u00e9t\u00e9 con\u00e7u et construit \u00e0 partir de z\u00e9ro et s'\u00e9tend sur 4 \u00e9tages avec un total de 101 chambres. Dans ce projet d'architecture et de design, la lumi\u00e8re naturelle est soulign\u00e9e par les grandes baies vitr\u00e9es et la relation entre les espaces int\u00e9rieurs et ext\u00e9rieurs est directe et fluide gr\u00e2ce aux grands plans vitr\u00e9s et \u00e0 l'acc\u00e8s direct aux diff\u00e9rentes terrasses \u00e9quip\u00e9es de mobilier de salon et de vues sur l'oc\u00e9an Atlantique et la biodiversit\u00e9 naturelle de l'\u00eele de S\u00e3o Miguel.<\/p>\n\n\n\n<p>Le projet Spacemakers a r\u00e9cemment \u00e9t\u00e9 nomin\u00e9 pour la liste restreinte des prestigieux \"The International Hotel &amp; Property Awards\" (prix internationaux de l'h\u00f4tellerie et de l'immobilier).<\/p>\n\n\n\n<div style=\"height:50px\" aria-hidden=\"true\" class=\"wp-block-spacer\"><\/div>\n\n\n\n<figure class=\"wp-block-image size-full is-resized\"><img decoding=\"async\" width=\"1950\" height=\"1310\" src=\"https:\/\/www.spacemakers.pt\/wp-content\/uploads\/2024\/07\/Lobby-1-e1721060407223.png\" alt=\"\" class=\"wp-image-4819\" style=\"width:1200px\" srcset=\"https:\/\/www.spacemakers.pt\/wp-content\/uploads\/2024\/07\/Lobby-1-e1721060407223.png 1950w, https:\/\/www.spacemakers.pt\/wp-content\/uploads\/2024\/07\/Lobby-1-e1721060407223-300x202.png 300w, https:\/\/www.spacemakers.pt\/wp-content\/uploads\/2024\/07\/Lobby-1-e1721060407223-1024x688.png 1024w, https:\/\/www.spacemakers.pt\/wp-content\/uploads\/2024\/07\/Lobby-1-e1721060407223-768x516.png 768w, https:\/\/www.spacemakers.pt\/wp-content\/uploads\/2024\/07\/Lobby-1-e1721060407223-1536x1032.png 1536w, https:\/\/www.spacemakers.pt\/wp-content\/uploads\/2024\/07\/Lobby-1-e1721060407223-18x12.png 18w\" sizes=\"(max-width: 1950px) 100vw, 1950px\" \/><\/figure>\n\n\n\n<div style=\"height:50px\" aria-hidden=\"true\" class=\"wp-block-spacer\"><\/div>\n\n\n\n<p>\u00c0 votre arriv\u00e9e \u00e0 l'h\u00f4tel, vous \u00eates accueilli par une \u00e9quipe d\u00e9vou\u00e9e et un service de conciergerie, ainsi que par divers \u00e9quipements, dont le plus distinctif est un restaurant avec un concept de showcooking o\u00f9 vous pouvez savourer le meilleur de ce que l'\u00eele de S\u00e3o Miguel a \u00e0 offrir en termes de gastronomie.&nbsp;<\/p>\n\n\n\n<div style=\"height:50px\" aria-hidden=\"true\" class=\"wp-block-spacer\"><\/div>\n\n\n\n<figure class=\"wp-block-image size-full is-resized\"><img loading=\"lazy\" decoding=\"async\" width=\"1960\" height=\"1320\" src=\"https:\/\/www.spacemakers.pt\/wp-content\/uploads\/2024\/07\/Frondoso-Bar-1-e1721060920506.png\" alt=\"\" class=\"wp-image-4812\" style=\"width:1200px\" srcset=\"https:\/\/www.spacemakers.pt\/wp-content\/uploads\/2024\/07\/Frondoso-Bar-1-e1721060920506.png 1960w, https:\/\/www.spacemakers.pt\/wp-content\/uploads\/2024\/07\/Frondoso-Bar-1-e1721060920506-300x202.png 300w, https:\/\/www.spacemakers.pt\/wp-content\/uploads\/2024\/07\/Frondoso-Bar-1-e1721060920506-1024x690.png 1024w, https:\/\/www.spacemakers.pt\/wp-content\/uploads\/2024\/07\/Frondoso-Bar-1-e1721060920506-768x517.png 768w, https:\/\/www.spacemakers.pt\/wp-content\/uploads\/2024\/07\/Frondoso-Bar-1-e1721060920506-1536x1034.png 1536w, https:\/\/www.spacemakers.pt\/wp-content\/uploads\/2024\/07\/Frondoso-Bar-1-e1721060920506-18x12.png 18w\" sizes=\"(max-width: 1960px) 100vw, 1960px\" \/><\/figure>\n\n\n\n<figure class=\"wp-block-image size-full is-resized\"><img loading=\"lazy\" decoding=\"async\" width=\"1960\" height=\"1300\" src=\"https:\/\/www.spacemakers.pt\/wp-content\/uploads\/2024\/07\/Frondoso-1-1-e1721061073176.png\" alt=\"\" class=\"wp-image-4810\" style=\"width:1200px\" srcset=\"https:\/\/www.spacemakers.pt\/wp-content\/uploads\/2024\/07\/Frondoso-1-1-e1721061073176.png 1960w, https:\/\/www.spacemakers.pt\/wp-content\/uploads\/2024\/07\/Frondoso-1-1-e1721061073176-300x199.png 300w, https:\/\/www.spacemakers.pt\/wp-content\/uploads\/2024\/07\/Frondoso-1-1-e1721061073176-1024x679.png 1024w, https:\/\/www.spacemakers.pt\/wp-content\/uploads\/2024\/07\/Frondoso-1-1-e1721061073176-768x509.png 768w, https:\/\/www.spacemakers.pt\/wp-content\/uploads\/2024\/07\/Frondoso-1-1-e1721061073176-1536x1019.png 1536w, https:\/\/www.spacemakers.pt\/wp-content\/uploads\/2024\/07\/Frondoso-1-1-e1721061073176-18x12.png 18w\" sizes=\"(max-width: 1960px) 100vw, 1960px\" \/><\/figure>\n\n\n\n<div style=\"height:50px\" aria-hidden=\"true\" class=\"wp-block-spacer\"><\/div>\n\n\n\n<p>Au premier \u00e9tage, on trouve un centre de bien-\u00eatre avec une piscine int\u00e9rieure et des salles de soins, une salle de sport, un studio lifestyle, 3 salles de r\u00e9union et d'\u00e9v\u00e9nements d'une capacit\u00e9 maximale de 150 personnes, un centre d'affaires et des salons int\u00e9rieurs et ext\u00e9rieurs avec vue sur la campagne environnante.<\/p>\n\n\n\n<div style=\"height:50px\" aria-hidden=\"true\" class=\"wp-block-spacer\"><\/div>\n\n\n\n<figure class=\"wp-block-image size-full is-resized\"><img loading=\"lazy\" decoding=\"async\" width=\"1770\" height=\"1180\" src=\"https:\/\/www.spacemakers.pt\/wp-content\/uploads\/2024\/07\/Meeting-Room-Boardroom-1-e1721060200206.png\" alt=\"\" class=\"wp-image-4821\" style=\"width:1200px\" srcset=\"https:\/\/www.spacemakers.pt\/wp-content\/uploads\/2024\/07\/Meeting-Room-Boardroom-1-e1721060200206.png 1770w, https:\/\/www.spacemakers.pt\/wp-content\/uploads\/2024\/07\/Meeting-Room-Boardroom-1-e1721060200206-300x200.png 300w, https:\/\/www.spacemakers.pt\/wp-content\/uploads\/2024\/07\/Meeting-Room-Boardroom-1-e1721060200206-1024x683.png 1024w, https:\/\/www.spacemakers.pt\/wp-content\/uploads\/2024\/07\/Meeting-Room-Boardroom-1-e1721060200206-768x512.png 768w, https:\/\/www.spacemakers.pt\/wp-content\/uploads\/2024\/07\/Meeting-Room-Boardroom-1-e1721060200206-1536x1024.png 1536w, https:\/\/www.spacemakers.pt\/wp-content\/uploads\/2024\/07\/Meeting-Room-Boardroom-1-e1721060200206-18x12.png 18w\" sizes=\"(max-width: 1770px) 100vw, 1770px\" \/><\/figure>\n\n\n\n<div class=\"wp-block-columns is-layout-flex wp-container-core-columns-is-layout-28f84493 wp-block-columns-is-layout-flex\">\n<div class=\"wp-block-column is-layout-flow wp-block-column-is-layout-flow\">\n<figure class=\"wp-block-image size-full is-resized\"><img decoding=\"async\" src=\"https:\/\/www.spacemakers.pt\/wp-content\/uploads\/2024\/07\/Gym-Center-2-1-e1721060850282.png\" alt=\"\" class=\"wp-image-4813\" style=\"object-fit:cover;width:580px;height:400px\"\/><\/figure>\n<\/div>\n\n\n\n<div class=\"wp-block-column is-layout-flow wp-block-column-is-layout-flow\">\n<figure class=\"wp-block-image size-full is-resized\"><img loading=\"lazy\" decoding=\"async\" width=\"1970\" height=\"1280\" src=\"https:\/\/www.spacemakers.pt\/wp-content\/uploads\/2024\/07\/Inala-Spa-Indoor-Pool-3-e1721060784360.png\" alt=\"\" class=\"wp-image-4814\" style=\"object-fit:cover;width:580px;height:400px\" srcset=\"https:\/\/www.spacemakers.pt\/wp-content\/uploads\/2024\/07\/Inala-Spa-Indoor-Pool-3-e1721060784360.png 1970w, https:\/\/www.spacemakers.pt\/wp-content\/uploads\/2024\/07\/Inala-Spa-Indoor-Pool-3-e1721060784360-300x195.png 300w, https:\/\/www.spacemakers.pt\/wp-content\/uploads\/2024\/07\/Inala-Spa-Indoor-Pool-3-e1721060784360-1024x665.png 1024w, https:\/\/www.spacemakers.pt\/wp-content\/uploads\/2024\/07\/Inala-Spa-Indoor-Pool-3-e1721060784360-768x499.png 768w, https:\/\/www.spacemakers.pt\/wp-content\/uploads\/2024\/07\/Inala-Spa-Indoor-Pool-3-e1721060784360-1536x998.png 1536w, https:\/\/www.spacemakers.pt\/wp-content\/uploads\/2024\/07\/Inala-Spa-Indoor-Pool-3-e1721060784360-18x12.png 18w\" sizes=\"(max-width: 1970px) 100vw, 1970px\" \/><\/figure>\n<\/div>\n<\/div>\n\n\n\n<div style=\"height:50px\" aria-hidden=\"true\" class=\"wp-block-spacer\"><\/div>\n\n\n\n<p>Au 4\u00e8me \u00e9tage se trouve un rooftop avec un bar et une salle \u00e0 manger ext\u00e9rieure prot\u00e9g\u00e9s par une pergola bioclimatique, une grande terrasse avec un solarium et un coin salon, et une piscine pour adultes et enfants. La vue depuis le toit est l'une des caract\u00e9ristiques de cet h\u00f4tel Hilton.<\/p>\n\n\n\n<div style=\"height:50px\" aria-hidden=\"true\" class=\"wp-block-spacer\"><\/div>\n\n\n\n<figure class=\"wp-block-image size-full is-resized\"><img loading=\"lazy\" decoding=\"async\" width=\"1970\" height=\"1320\" src=\"https:\/\/www.spacemakers.pt\/wp-content\/uploads\/2024\/07\/Mistico-1-e1721060140350.png\" alt=\"\" class=\"wp-image-4822\" style=\"width:1200px\" srcset=\"https:\/\/www.spacemakers.pt\/wp-content\/uploads\/2024\/07\/Mistico-1-e1721060140350.png 1970w, https:\/\/www.spacemakers.pt\/wp-content\/uploads\/2024\/07\/Mistico-1-e1721060140350-300x201.png 300w, https:\/\/www.spacemakers.pt\/wp-content\/uploads\/2024\/07\/Mistico-1-e1721060140350-1024x686.png 1024w, https:\/\/www.spacemakers.pt\/wp-content\/uploads\/2024\/07\/Mistico-1-e1721060140350-768x515.png 768w, https:\/\/www.spacemakers.pt\/wp-content\/uploads\/2024\/07\/Mistico-1-e1721060140350-1536x1029.png 1536w, https:\/\/www.spacemakers.pt\/wp-content\/uploads\/2024\/07\/Mistico-1-e1721060140350-18x12.png 18w\" sizes=\"(max-width: 1970px) 100vw, 1970px\" \/><\/figure>\n\n\n\n<figure class=\"wp-block-image size-full is-resized\"><img loading=\"lazy\" decoding=\"async\" width=\"1980\" height=\"1320\" src=\"https:\/\/www.spacemakers.pt\/wp-content\/uploads\/2024\/07\/Pool-1-e1721059991213.png\" alt=\"\" class=\"wp-image-4824\" style=\"width:1200px\" srcset=\"https:\/\/www.spacemakers.pt\/wp-content\/uploads\/2024\/07\/Pool-1-e1721059991213.png 1980w, https:\/\/www.spacemakers.pt\/wp-content\/uploads\/2024\/07\/Pool-1-e1721059991213-300x200.png 300w, https:\/\/www.spacemakers.pt\/wp-content\/uploads\/2024\/07\/Pool-1-e1721059991213-1024x683.png 1024w, https:\/\/www.spacemakers.pt\/wp-content\/uploads\/2024\/07\/Pool-1-e1721059991213-768x512.png 768w, https:\/\/www.spacemakers.pt\/wp-content\/uploads\/2024\/07\/Pool-1-e1721059991213-1536x1024.png 1536w, https:\/\/www.spacemakers.pt\/wp-content\/uploads\/2024\/07\/Pool-1-e1721059991213-18x12.png 18w\" sizes=\"(max-width: 1980px) 100vw, 1980px\" \/><\/figure>\n\n\n\n<div style=\"height:50px\" aria-hidden=\"true\" class=\"wp-block-spacer\"><\/div>\n\n\n\n<p>Dans ce projet architectural, les 101 chambres sont r\u00e9parties sur deux \u00e9tages, avec un mobilier choisi pour offrir tout le confort qui caract\u00e9rise la marque Hilton. Toutes les chambres ont acc\u00e8s \u00e0 la vue sur l'oc\u00e9an et au paysage naturel de l'\u00eele gr\u00e2ce \u00e0 de grands balcons dot\u00e9s de mobilier d'ext\u00e9rieur.<\/p>\n\n\n\n<div style=\"height:50px\" aria-hidden=\"true\" class=\"wp-block-spacer\"><\/div>\n\n\n\n<figure class=\"wp-block-image size-full is-resized\"><img loading=\"lazy\" decoding=\"async\" width=\"1970\" height=\"1300\" src=\"https:\/\/www.spacemakers.pt\/wp-content\/uploads\/2024\/07\/King-One-Bedroom-Suite-Bedroom-e1721060529598.png\" alt=\"\" class=\"wp-image-4817\" style=\"width:1200px\" srcset=\"https:\/\/www.spacemakers.pt\/wp-content\/uploads\/2024\/07\/King-One-Bedroom-Suite-Bedroom-e1721060529598.png 1970w, https:\/\/www.spacemakers.pt\/wp-content\/uploads\/2024\/07\/King-One-Bedroom-Suite-Bedroom-e1721060529598-300x198.png 300w, https:\/\/www.spacemakers.pt\/wp-content\/uploads\/2024\/07\/King-One-Bedroom-Suite-Bedroom-e1721060529598-1024x676.png 1024w, https:\/\/www.spacemakers.pt\/wp-content\/uploads\/2024\/07\/King-One-Bedroom-Suite-Bedroom-e1721060529598-768x507.png 768w, https:\/\/www.spacemakers.pt\/wp-content\/uploads\/2024\/07\/King-One-Bedroom-Suite-Bedroom-e1721060529598-1536x1014.png 1536w, https:\/\/www.spacemakers.pt\/wp-content\/uploads\/2024\/07\/King-One-Bedroom-Suite-Bedroom-e1721060529598-18x12.png 18w\" sizes=\"(max-width: 1970px) 100vw, 1970px\" \/><\/figure>\n\n\n\n<div class=\"wp-block-columns is-layout-flex wp-container-core-columns-is-layout-28f84493 wp-block-columns-is-layout-flex\">\n<div class=\"wp-block-column is-layout-flow wp-block-column-is-layout-flow\">\n<figure class=\"wp-block-image size-full is-resized\"><img loading=\"lazy\" decoding=\"async\" width=\"2000\" height=\"1330\" src=\"https:\/\/www.spacemakers.pt\/wp-content\/uploads\/2024\/07\/Twin-Guest-Room-Bedroom-with-View-1-e1721059031597.png\" alt=\"\" class=\"wp-image-4827\" style=\"object-fit:cover;width:580px;height:400px\" srcset=\"https:\/\/www.spacemakers.pt\/wp-content\/uploads\/2024\/07\/Twin-Guest-Room-Bedroom-with-View-1-e1721059031597.png 2000w, https:\/\/www.spacemakers.pt\/wp-content\/uploads\/2024\/07\/Twin-Guest-Room-Bedroom-with-View-1-e1721059031597-300x200.png 300w, https:\/\/www.spacemakers.pt\/wp-content\/uploads\/2024\/07\/Twin-Guest-Room-Bedroom-with-View-1-e1721059031597-1024x681.png 1024w, https:\/\/www.spacemakers.pt\/wp-content\/uploads\/2024\/07\/Twin-Guest-Room-Bedroom-with-View-1-e1721059031597-768x511.png 768w, https:\/\/www.spacemakers.pt\/wp-content\/uploads\/2024\/07\/Twin-Guest-Room-Bedroom-with-View-1-e1721059031597-1536x1021.png 1536w, https:\/\/www.spacemakers.pt\/wp-content\/uploads\/2024\/07\/Twin-Guest-Room-Bedroom-with-View-1-e1721059031597-18x12.png 18w\" sizes=\"(max-width: 2000px) 100vw, 2000px\" \/><\/figure>\n<\/div>\n\n\n\n<div class=\"wp-block-column is-layout-flow wp-block-column-is-layout-flow\">\n<figure class=\"wp-block-image size-full is-resized\"><img loading=\"lazy\" decoding=\"async\" width=\"1990\" height=\"1320\" src=\"https:\/\/www.spacemakers.pt\/wp-content\/uploads\/2024\/07\/Queen-Guest-Room-Bathroom-with-View-1-1-e1721136078369.png\" alt=\"\" class=\"wp-image-4850\" style=\"object-fit:cover;width:580px;height:400px\" srcset=\"https:\/\/www.spacemakers.pt\/wp-content\/uploads\/2024\/07\/Queen-Guest-Room-Bathroom-with-View-1-1-e1721136078369.png 1990w, https:\/\/www.spacemakers.pt\/wp-content\/uploads\/2024\/07\/Queen-Guest-Room-Bathroom-with-View-1-1-e1721136078369-300x199.png 300w, https:\/\/www.spacemakers.pt\/wp-content\/uploads\/2024\/07\/Queen-Guest-Room-Bathroom-with-View-1-1-e1721136078369-1024x679.png 1024w, https:\/\/www.spacemakers.pt\/wp-content\/uploads\/2024\/07\/Queen-Guest-Room-Bathroom-with-View-1-1-e1721136078369-768x509.png 768w, https:\/\/www.spacemakers.pt\/wp-content\/uploads\/2024\/07\/Queen-Guest-Room-Bathroom-with-View-1-1-e1721136078369-1536x1019.png 1536w, https:\/\/www.spacemakers.pt\/wp-content\/uploads\/2024\/07\/Queen-Guest-Room-Bathroom-with-View-1-1-e1721136078369-18x12.png 18w\" sizes=\"(max-width: 1990px) 100vw, 1990px\" \/><\/figure>\n<\/div>\n<\/div>","protected":false},"excerpt":{"rendered":"<p>Concept : Le rythme de la nature L'essence du concept de ce projet d'architecture et de design repose sur trois \u00e9l\u00e9ments qui caract\u00e9risent S\u00e3o Miguel dans son orographie : le bois, l'eau et la pierre.  Le bois caract\u00e9rise la for\u00eat Laurissilva, dont la flore exub\u00e9rante est repr\u00e9sent\u00e9e dans ce concept par l'utilisation de surfaces en bois [...]<\/p>","protected":false},"author":1,"featured_media":4895,"comment_status":"closed","ping_status":"closed","sticky":false,"template":"","format":"standard","meta":{"footnotes":""},"categories":[1],"tags":[],"class_list":["post-4584","post","type-post","status-publish","format-standard","has-post-thumbnail","hentry","category-uncategorized"],"_links":{"self":[{"href":"https:\/\/www.spacemakers.pt\/fr\/wp-json\/wp\/v2\/posts\/4584","targetHints":{"allow":["GET"]}}],"collection":[{"href":"https:\/\/www.spacemakers.pt\/fr\/wp-json\/wp\/v2\/posts"}],"about":[{"href":"https:\/\/www.spacemakers.pt\/fr\/wp-json\/wp\/v2\/types\/post"}],"author":[{"embeddable":true,"href":"https:\/\/www.spacemakers.pt\/fr\/wp-json\/wp\/v2\/users\/1"}],"replies":[{"embeddable":true,"href":"https:\/\/www.spacemakers.pt\/fr\/wp-json\/wp\/v2\/comments?post=4584"}],"version-history":[{"count":5,"href":"https:\/\/www.spacemakers.pt\/fr\/wp-json\/wp\/v2\/posts\/4584\/revisions"}],"predecessor-version":[{"id":4898,"href":"https:\/\/www.spacemakers.pt\/fr\/wp-json\/wp\/v2\/posts\/4584\/revisions\/4898"}],"wp:featuredmedia":[{"embeddable":true,"href":"https:\/\/www.spacemakers.pt\/fr\/wp-json\/wp\/v2\/media\/4895"}],"wp:attachment":[{"href":"https:\/\/www.spacemakers.pt\/fr\/wp-json\/wp\/v2\/media?parent=4584"}],"wp:term":[{"taxonomy":"category","embeddable":true,"href":"https:\/\/www.spacemakers.pt\/fr\/wp-json\/wp\/v2\/categories?post=4584"},{"taxonomy":"post_tag","embeddable":true,"href":"https:\/\/www.spacemakers.pt\/fr\/wp-json\/wp\/v2\/tags?post=4584"}],"curies":[{"name":"wp","href":"https:\/\/api.w.org\/{rel}","templated":true}]}}