{"id":1452,"date":"2023-10-11T11:47:51","date_gmt":"2023-10-11T11:47:51","guid":{"rendered":"https:\/\/spacemakers.pt\/restelo-22-copy\/"},"modified":"2024-02-27T09:54:09","modified_gmt":"2024-02-27T09:54:09","slug":"maison-de-campagne","status":"publish","type":"post","link":"https:\/\/www.spacemakers.pt\/fr\/maison-de-campagne\/","title":{"rendered":"Maison de campagne"},"content":{"rendered":"<p>Le studio Spacemakers a \u00e9t\u00e9 invit\u00e9 \u00e0 d\u00e9velopper le projet de r\u00e9novation d'une colline de l'Alentejo appartenant \u00e0 plusieurs g\u00e9n\u00e9rations d'une famille.<\/p>\n\n\n\n<p><br>Le concept architectural visait \u00e0 transmettre l'essence de l'architecture locale. Des \u00e9l\u00e9ments typiques ont \u00e9t\u00e9 conserv\u00e9s, comme le porche situ\u00e9 \u00e0 l'avant de la maison, destination favorite des apr\u00e8s-midi chauds, qui sert d'extension au grand salon, entour\u00e9 d'un jardin avec des figuiers et des noyers centenaires.<\/p>\n\n\n\n<div style=\"height:50px\" aria-hidden=\"true\" class=\"wp-block-spacer\"><\/div>\n\n\n\n<figure class=\"wp-block-gallery has-nested-images columns-default is-cropped wp-block-gallery-1 is-layout-flex wp-block-gallery-is-layout-flex\">\n<figure class=\"wp-block-image size-large\"><img fetchpriority=\"high\" decoding=\"async\" width=\"1024\" height=\"742\" data-id=\"1457\" src=\"https:\/\/www.spacemakers.pt\/wp-content\/uploads\/2023\/10\/06-1024x742.jpeg\" alt=\"\" class=\"wp-image-1457\"\/><\/figure>\n<\/figure>\n\n\n\n<div class=\"wp-block-columns is-layout-flex wp-container-core-columns-is-layout-28f84493 wp-block-columns-is-layout-flex\">\n<div class=\"wp-block-column is-layout-flow wp-block-column-is-layout-flow\" style=\"flex-basis:605px\">\n<figure class=\"wp-block-image size-full is-resized\"><img decoding=\"async\" width=\"670\" height=\"1024\" src=\"https:\/\/www.spacemakers.pt\/wp-content\/uploads\/2023\/10\/03-670x1024-1.jpeg\" alt=\"\" class=\"wp-image-1455\" style=\"object-fit:cover;width:600px;height:900px\" srcset=\"https:\/\/www.spacemakers.pt\/wp-content\/uploads\/2023\/10\/03-670x1024-1.jpeg 670w, https:\/\/www.spacemakers.pt\/wp-content\/uploads\/2023\/10\/03-670x1024-1-196x300.jpeg 196w\" sizes=\"(max-width: 670px) 100vw, 670px\" \/><\/figure>\n<\/div>\n\n\n\n<div class=\"wp-block-column is-layout-flow wp-block-column-is-layout-flow\" style=\"flex-basis:605px\">\n<div class=\"wp-block-group is-layout-constrained wp-block-group-is-layout-constrained\">\n<figure class=\"wp-block-image size-full is-resized\"><img decoding=\"async\" width=\"680\" height=\"1024\" src=\"https:\/\/www.spacemakers.pt\/wp-content\/uploads\/2023\/10\/01-680x1024-1.jpeg\" alt=\"\" class=\"wp-image-1454\" style=\"object-fit:cover;width:600px;height:900px\" srcset=\"https:\/\/www.spacemakers.pt\/wp-content\/uploads\/2023\/10\/01-680x1024-1.jpeg 680w, https:\/\/www.spacemakers.pt\/wp-content\/uploads\/2023\/10\/01-680x1024-1-199x300.jpeg 199w\" sizes=\"(max-width: 680px) 100vw, 680px\" \/><\/figure>\n<\/div>\n<\/div>\n<\/div>\n\n\n\n<div style=\"height:50px\" aria-hidden=\"true\" class=\"wp-block-spacer\"><\/div>\n\n\n\n<p><br>L'ancienne grange et les \u00e9curies ont c\u00e9d\u00e9 la place \u00e0 un grand salon-salle \u00e0 manger aux plafonds g\u00e9n\u00e9reux.<\/p>\n\n\n\n<p><br>En mati\u00e8re de d\u00e9coration int\u00e9rieure, le concept a cherch\u00e9 \u00e0 rendre hommage \u00e0 l'exub\u00e9rance de la campagne, en utilisant des motifs floraux et artisanaux, ainsi que de larges touches de couleur dans le recyclage des meubles de famille, dans un style vibrant, presque baroque.<\/p>\n\n\n\n<div style=\"height:50px\" aria-hidden=\"true\" class=\"wp-block-spacer\"><\/div>\n\n\n\n<div class=\"wp-block-columns is-layout-flex wp-container-core-columns-is-layout-28f84493 wp-block-columns-is-layout-flex\">\n<div class=\"wp-block-column is-layout-flow wp-block-column-is-layout-flow\">\n<figure class=\"wp-block-image size-full\"><img loading=\"lazy\" decoding=\"async\" width=\"683\" height=\"1024\" src=\"https:\/\/www.spacemakers.pt\/wp-content\/uploads\/2023\/10\/08-683x1024-1.jpeg\" alt=\"\" class=\"wp-image-1458\" srcset=\"https:\/\/www.spacemakers.pt\/wp-content\/uploads\/2023\/10\/08-683x1024-1.jpeg 683w, https:\/\/www.spacemakers.pt\/wp-content\/uploads\/2023\/10\/08-683x1024-1-200x300.jpeg 200w\" sizes=\"(max-width: 683px) 100vw, 683px\" \/><\/figure>\n<\/div>\n\n\n\n<div class=\"wp-block-column is-layout-flow wp-block-column-is-layout-flow\">\n<figure class=\"wp-block-image size-full\"><img loading=\"lazy\" decoding=\"async\" width=\"683\" height=\"1024\" src=\"https:\/\/www.spacemakers.pt\/wp-content\/uploads\/2023\/10\/11-683x1024-1.jpeg\" alt=\"\" class=\"wp-image-1459\" srcset=\"https:\/\/www.spacemakers.pt\/wp-content\/uploads\/2023\/10\/11-683x1024-1.jpeg 683w, https:\/\/www.spacemakers.pt\/wp-content\/uploads\/2023\/10\/11-683x1024-1-200x300.jpeg 200w\" sizes=\"(max-width: 683px) 100vw, 683px\" \/><\/figure>\n<\/div>\n<\/div>\n\n\n\n<div class=\"wp-block-columns is-layout-flex wp-container-core-columns-is-layout-28f84493 wp-block-columns-is-layout-flex\">\n<div class=\"wp-block-column is-layout-flow wp-block-column-is-layout-flow\">\n<figure class=\"wp-block-image size-full is-resized\"><img loading=\"lazy\" decoding=\"async\" width=\"664\" height=\"1024\" src=\"https:\/\/www.spacemakers.pt\/wp-content\/uploads\/2023\/10\/05-664x1024-1.jpeg\" alt=\"\" class=\"wp-image-1456\" style=\"object-fit:cover;width:600px;height:900px\" srcset=\"https:\/\/www.spacemakers.pt\/wp-content\/uploads\/2023\/10\/05-664x1024-1.jpeg 664w, https:\/\/www.spacemakers.pt\/wp-content\/uploads\/2023\/10\/05-664x1024-1-195x300.jpeg 195w\" sizes=\"(max-width: 664px) 100vw, 664px\" \/><\/figure>\n<\/div>\n\n\n\n<div class=\"wp-block-column is-layout-flow wp-block-column-is-layout-flow\">\n<figure class=\"wp-block-image size-full is-resized\"><img loading=\"lazy\" decoding=\"async\" width=\"683\" height=\"1024\" src=\"https:\/\/www.spacemakers.pt\/wp-content\/uploads\/2023\/10\/16-683x1024-1.jpeg\" alt=\"\" class=\"wp-image-1460\" style=\"object-fit:cover;width:600px;height:900px\" srcset=\"https:\/\/www.spacemakers.pt\/wp-content\/uploads\/2023\/10\/16-683x1024-1.jpeg 683w, https:\/\/www.spacemakers.pt\/wp-content\/uploads\/2023\/10\/16-683x1024-1-200x300.jpeg 200w\" sizes=\"(max-width: 683px) 100vw, 683px\" \/><\/figure>\n<\/div>\n<\/div>\n\n\n\n<figure class=\"wp-block-image size-full is-resized\"><img loading=\"lazy\" decoding=\"async\" width=\"1024\" height=\"661\" src=\"https:\/\/www.spacemakers.pt\/wp-content\/uploads\/2023\/10\/28-1-1024x661-1.jpeg\" alt=\"\" class=\"wp-image-1461\" style=\"width:1210px;height:808px\" srcset=\"https:\/\/www.spacemakers.pt\/wp-content\/uploads\/2023\/10\/28-1-1024x661-1.jpeg 1024w, https:\/\/www.spacemakers.pt\/wp-content\/uploads\/2023\/10\/28-1-1024x661-1-300x194.jpeg 300w, https:\/\/www.spacemakers.pt\/wp-content\/uploads\/2023\/10\/28-1-1024x661-1-768x496.jpeg 768w\" sizes=\"(max-width: 1024px) 100vw, 1024px\" \/><\/figure>\n\n\n\n<p>Photographie Ana Garrido<\/p>","protected":false},"excerpt":{"rendered":"<p>Le studio Spacemakers a \u00e9t\u00e9 invit\u00e9 \u00e0 d\u00e9velopper le projet de r\u00e9novation d'une colline de l'Alentejo appartenant \u00e0 plusieurs g\u00e9n\u00e9rations d'une famille. Le concept architectural visait \u00e0 transmettre l'essence de l'architecture locale. Les caract\u00e9ristiques typiques ont \u00e9t\u00e9 conserv\u00e9es, comme le porche \u00e0 l'avant de la maison, une destination favorite pour les apr\u00e8s-midi chauds et qui fait office de [...]<\/p>","protected":false},"author":1,"featured_media":1526,"comment_status":"closed","ping_status":"closed","sticky":false,"template":"","format":"standard","meta":{"footnotes":""},"categories":[20],"tags":[23],"class_list":["post-1452","post","type-post","status-publish","format-standard","has-post-thumbnail","hentry","category-residencial","tag-residencial"],"_links":{"self":[{"href":"https:\/\/www.spacemakers.pt\/fr\/wp-json\/wp\/v2\/posts\/1452","targetHints":{"allow":["GET"]}}],"collection":[{"href":"https:\/\/www.spacemakers.pt\/fr\/wp-json\/wp\/v2\/posts"}],"about":[{"href":"https:\/\/www.spacemakers.pt\/fr\/wp-json\/wp\/v2\/types\/post"}],"author":[{"embeddable":true,"href":"https:\/\/www.spacemakers.pt\/fr\/wp-json\/wp\/v2\/users\/1"}],"replies":[{"embeddable":true,"href":"https:\/\/www.spacemakers.pt\/fr\/wp-json\/wp\/v2\/comments?post=1452"}],"version-history":[{"count":5,"href":"https:\/\/www.spacemakers.pt\/fr\/wp-json\/wp\/v2\/posts\/1452\/revisions"}],"predecessor-version":[{"id":5012,"href":"https:\/\/www.spacemakers.pt\/fr\/wp-json\/wp\/v2\/posts\/1452\/revisions\/5012"}],"wp:featuredmedia":[{"embeddable":true,"href":"https:\/\/www.spacemakers.pt\/fr\/wp-json\/wp\/v2\/media\/1526"}],"wp:attachment":[{"href":"https:\/\/www.spacemakers.pt\/fr\/wp-json\/wp\/v2\/media?parent=1452"}],"wp:term":[{"taxonomy":"category","embeddable":true,"href":"https:\/\/www.spacemakers.pt\/fr\/wp-json\/wp\/v2\/categories?post=1452"},{"taxonomy":"post_tag","embeddable":true,"href":"https:\/\/www.spacemakers.pt\/fr\/wp-json\/wp\/v2\/tags?post=1452"}],"curies":[{"name":"wp","href":"https:\/\/api.w.org\/{rel}","templated":true}]}}