{"id":1432,"date":"2023-12-24T11:31:26","date_gmt":"2023-12-24T11:31:26","guid":{"rendered":"https:\/\/spacemakers.pt\/restaurante-cidade-do-futebol-copy\/"},"modified":"2024-03-04T17:10:53","modified_gmt":"2024-03-04T17:10:53","slug":"chateau-22","status":"publish","type":"post","link":"https:\/\/www.spacemakers.pt\/fr\/chateau-22\/","title":{"rendered":"Restelo 22"},"content":{"rendered":"<p>Le studio Spacemakers a \u00e9t\u00e9 invit\u00e9 \u00e0 r\u00e9aliser le r\u00e9am\u00e9nagement et l'extension d'une maison familiale. Il a \u00e9galement \u00e9t\u00e9 charg\u00e9 du projet d'am\u00e9nagement int\u00e9rieur et de d\u00e9coration.<br><\/p>\n\n\n\n<p>La maison appartient \u00e0 l'un des premiers lotissements du quartier Restelo. Les travaux comprenaient l'extension de la zone de construction existante ainsi que la d\u00e9molition presque totale du b\u00e2timent existant (int\u00e9rieur et fa\u00e7ade arri\u00e8re). Cependant, la fa\u00e7ade principale est rest\u00e9e intacte, pr\u00e9servant son caract\u00e8re de maison jumel\u00e9e.<\/p>\n\n\n\n<div style=\"height:50px\" aria-hidden=\"true\" class=\"wp-block-spacer\"><\/div>\n\n\n\n<div class=\"wp-block-columns is-layout-flex wp-container-core-columns-is-layout-28f84493 wp-block-columns-is-layout-flex\">\n<div class=\"wp-block-column is-layout-flow wp-block-column-is-layout-flow\">\n<figure class=\"wp-block-image size-large\"><img fetchpriority=\"high\" decoding=\"async\" width=\"683\" height=\"1024\" src=\"https:\/\/www.spacemakers.pt\/wp-content\/uploads\/2023\/07\/fv_DSC5213-scaled-1-683x1024.jpg\" alt=\"\" class=\"wp-image-248\" srcset=\"https:\/\/www.spacemakers.pt\/wp-content\/uploads\/2023\/07\/fv_DSC5213-scaled-1-683x1024.jpg 683w, https:\/\/www.spacemakers.pt\/wp-content\/uploads\/2023\/07\/fv_DSC5213-scaled-1-200x300.jpg 200w, https:\/\/www.spacemakers.pt\/wp-content\/uploads\/2023\/07\/fv_DSC5213-scaled-1-768x1152.jpg 768w, https:\/\/www.spacemakers.pt\/wp-content\/uploads\/2023\/07\/fv_DSC5213-scaled-1-1024x1536.jpg 1024w, https:\/\/www.spacemakers.pt\/wp-content\/uploads\/2023\/07\/fv_DSC5213-scaled-1-1366x2048.jpg 1366w, https:\/\/www.spacemakers.pt\/wp-content\/uploads\/2023\/07\/fv_DSC5213-scaled-1.jpg 1707w\" sizes=\"(max-width: 683px) 100vw, 683px\" \/><\/figure>\n<\/div>\n\n\n\n<div class=\"wp-block-column is-layout-flow wp-block-column-is-layout-flow\">\n<figure class=\"wp-block-image size-large\"><img decoding=\"async\" width=\"684\" height=\"1024\" src=\"https:\/\/www.spacemakers.pt\/wp-content\/uploads\/2023\/07\/fv_DSC8987-scaled-1-684x1024.jpg\" alt=\"\" class=\"wp-image-247\" srcset=\"https:\/\/www.spacemakers.pt\/wp-content\/uploads\/2023\/07\/fv_DSC8987-scaled-1-684x1024.jpg 684w, https:\/\/www.spacemakers.pt\/wp-content\/uploads\/2023\/07\/fv_DSC8987-scaled-1-200x300.jpg 200w, https:\/\/www.spacemakers.pt\/wp-content\/uploads\/2023\/07\/fv_DSC8987-scaled-1-768x1150.jpg 768w, https:\/\/www.spacemakers.pt\/wp-content\/uploads\/2023\/07\/fv_DSC8987-scaled-1-1025x1536.jpg 1025w, https:\/\/www.spacemakers.pt\/wp-content\/uploads\/2023\/07\/fv_DSC8987-scaled-1-1367x2048.jpg 1367w, https:\/\/www.spacemakers.pt\/wp-content\/uploads\/2023\/07\/fv_DSC8987-scaled-1.jpg 1709w\" sizes=\"(max-width: 684px) 100vw, 684px\" \/><\/figure>\n<\/div>\n<\/div>\n\n\n\n<figure class=\"wp-block-image size-large is-resized\"><img decoding=\"async\" width=\"1024\" height=\"684\" src=\"https:\/\/www.spacemakers.pt\/wp-content\/uploads\/2023\/10\/fv_DSC8991-1024x684.jpeg\" alt=\"\" class=\"wp-image-1445\" style=\"width:1200px\" srcset=\"https:\/\/www.spacemakers.pt\/wp-content\/uploads\/2023\/10\/fv_DSC8991-1024x684.jpeg 1024w, https:\/\/www.spacemakers.pt\/wp-content\/uploads\/2023\/10\/fv_DSC8991-300x200.jpeg 300w, https:\/\/www.spacemakers.pt\/wp-content\/uploads\/2023\/10\/fv_DSC8991-768x513.jpeg 768w, https:\/\/www.spacemakers.pt\/wp-content\/uploads\/2023\/10\/fv_DSC8991-1536x1026.jpeg 1536w, https:\/\/www.spacemakers.pt\/wp-content\/uploads\/2023\/10\/fv_DSC8991.jpeg 1920w\" sizes=\"(max-width: 1024px) 100vw, 1024px\" \/><\/figure>\n\n\n\n<p><\/p>\n\n\n\n<p><br>Le concept de base du projet consiste \u00e0 donner \u00e0 l'escalier une centralit\u00e9 spatiale autour de laquelle se d\u00e9veloppe un jeu entre cinq \u00e9tages interm\u00e9diaires afin de respecter le programme du client et de combiner les diff\u00e9rentes altim\u00e9tries entre les zones avant et arri\u00e8re de la parcelle.<\/p>\n\n\n\n<p><br>Le nouvel am\u00e9nagement a \u00e9t\u00e9 con\u00e7u pour partager les espaces sociaux, o\u00f9 l'entr\u00e9e principale, le salon, le jardin ext\u00e9rieur et la piscine sont devenus communicants et visuellement continus.<\/p>\n\n\n\n<p><br>L'attention port\u00e9e aux mat\u00e9riaux de qualit\u00e9 et aux solutions architecturales originales, ainsi que la d\u00e9coration sophistiqu\u00e9e avec de nombreuses solutions personnalis\u00e9es d\u00e9velopp\u00e9es par notre atelier, font de cette maison un v\u00e9ritable projet de signature.<\/p>\n\n\n\n<div class=\"wp-block-columns is-layout-flex wp-container-core-columns-is-layout-28f84493 wp-block-columns-is-layout-flex\">\n<div class=\"wp-block-column is-layout-flow wp-block-column-is-layout-flow\"><\/div>\n<\/div>\n\n\n\n<p><\/p>\n\n\n\n<p><\/p>\n\n\n\n<figure class=\"wp-block-gallery has-nested-images columns-default is-cropped wp-block-gallery-1 is-layout-flex wp-block-gallery-is-layout-flex\">\n<figure class=\"wp-block-image size-full\"><img loading=\"lazy\" decoding=\"async\" width=\"683\" height=\"1024\" data-id=\"1439\" src=\"https:\/\/www.spacemakers.pt\/wp-content\/uploads\/2023\/10\/fv_DSC5055-683x1024-1.jpeg\" alt=\"\" class=\"wp-image-1439\" srcset=\"https:\/\/www.spacemakers.pt\/wp-content\/uploads\/2023\/10\/fv_DSC5055-683x1024-1.jpeg 683w, https:\/\/www.spacemakers.pt\/wp-content\/uploads\/2023\/10\/fv_DSC5055-683x1024-1-200x300.jpeg 200w\" sizes=\"(max-width: 683px) 100vw, 683px\" \/><\/figure>\n\n\n\n<figure class=\"wp-block-image size-full\"><img loading=\"lazy\" decoding=\"async\" width=\"683\" height=\"1024\" data-id=\"3589\" src=\"https:\/\/www.spacemakers.pt\/wp-content\/uploads\/2023\/12\/fv_DSC5050-683x1024-1.jpeg\" alt=\"\" class=\"wp-image-3589\" srcset=\"https:\/\/www.spacemakers.pt\/wp-content\/uploads\/2023\/12\/fv_DSC5050-683x1024-1.jpeg 683w, https:\/\/www.spacemakers.pt\/wp-content\/uploads\/2023\/12\/fv_DSC5050-683x1024-1-200x300.jpeg 200w, https:\/\/www.spacemakers.pt\/wp-content\/uploads\/2023\/12\/fv_DSC5050-683x1024-1-8x12.jpeg 8w\" sizes=\"(max-width: 683px) 100vw, 683px\" \/><figcaption class=\"wp-element-caption\">   <\/figcaption><\/figure>\n<\/figure>\n\n\n\n<figure class=\"wp-block-gallery has-nested-images columns-default is-cropped wp-block-gallery-2 is-layout-flex wp-block-gallery-is-layout-flex\">\n<figure class=\"wp-block-image size-full\"><img loading=\"lazy\" decoding=\"async\" width=\"1709\" height=\"2560\" data-id=\"3584\" src=\"https:\/\/www.spacemakers.pt\/wp-content\/uploads\/2023\/12\/Restelo_22_fv_DSC8925-scaled-2.png\" alt=\"\" class=\"wp-image-3584\" srcset=\"https:\/\/www.spacemakers.pt\/wp-content\/uploads\/2023\/12\/Restelo_22_fv_DSC8925-scaled-2.png 1709w, https:\/\/www.spacemakers.pt\/wp-content\/uploads\/2023\/12\/Restelo_22_fv_DSC8925-scaled-2-200x300.png 200w, https:\/\/www.spacemakers.pt\/wp-content\/uploads\/2023\/12\/Restelo_22_fv_DSC8925-scaled-2-684x1024.png 684w, https:\/\/www.spacemakers.pt\/wp-content\/uploads\/2023\/12\/Restelo_22_fv_DSC8925-scaled-2-768x1150.png 768w, https:\/\/www.spacemakers.pt\/wp-content\/uploads\/2023\/12\/Restelo_22_fv_DSC8925-scaled-2-1025x1536.png 1025w, https:\/\/www.spacemakers.pt\/wp-content\/uploads\/2023\/12\/Restelo_22_fv_DSC8925-scaled-2-1367x2048.png 1367w, https:\/\/www.spacemakers.pt\/wp-content\/uploads\/2023\/12\/Restelo_22_fv_DSC8925-scaled-2-8x12.png 8w\" sizes=\"(max-width: 1709px) 100vw, 1709px\" \/><figcaption class=\"wp-element-caption\">  <\/figcaption><\/figure>\n\n\n\n<figure class=\"wp-block-image size-full\"><img loading=\"lazy\" decoding=\"async\" width=\"683\" height=\"1024\" data-id=\"3591\" src=\"https:\/\/www.spacemakers.pt\/wp-content\/uploads\/2023\/12\/fv_DSC5126-1-683x1024-1.jpeg\" alt=\"\" class=\"wp-image-3591\" srcset=\"https:\/\/www.spacemakers.pt\/wp-content\/uploads\/2023\/12\/fv_DSC5126-1-683x1024-1.jpeg 683w, https:\/\/www.spacemakers.pt\/wp-content\/uploads\/2023\/12\/fv_DSC5126-1-683x1024-1-200x300.jpeg 200w, https:\/\/www.spacemakers.pt\/wp-content\/uploads\/2023\/12\/fv_DSC5126-1-683x1024-1-8x12.jpeg 8w\" sizes=\"(max-width: 683px) 100vw, 683px\" \/><figcaption class=\"wp-element-caption\">  <\/figcaption><\/figure>\n<\/figure>\n\n\n\n<figure class=\"wp-block-image size-large is-resized\"><img loading=\"lazy\" decoding=\"async\" width=\"683\" height=\"1024\" src=\"https:\/\/www.spacemakers.pt\/wp-content\/uploads\/2023\/07\/fv_DSC5040-scaled-1-683x1024.jpg\" alt=\"\" class=\"wp-image-245\" style=\"width:1200px\" srcset=\"https:\/\/www.spacemakers.pt\/wp-content\/uploads\/2023\/07\/fv_DSC5040-scaled-1-683x1024.jpg 683w, https:\/\/www.spacemakers.pt\/wp-content\/uploads\/2023\/07\/fv_DSC5040-scaled-1-200x300.jpg 200w, https:\/\/www.spacemakers.pt\/wp-content\/uploads\/2023\/07\/fv_DSC5040-scaled-1-768x1152.jpg 768w, https:\/\/www.spacemakers.pt\/wp-content\/uploads\/2023\/07\/fv_DSC5040-scaled-1-1024x1536.jpg 1024w, https:\/\/www.spacemakers.pt\/wp-content\/uploads\/2023\/07\/fv_DSC5040-scaled-1-1366x2048.jpg 1366w, https:\/\/www.spacemakers.pt\/wp-content\/uploads\/2023\/07\/fv_DSC5040-scaled-1.jpg 1707w\" sizes=\"(max-width: 683px) 100vw, 683px\" \/><\/figure>\n\n\n\n<p>Photographie Ricardo Junqueira<\/p>\n\n\n\n<div class=\"wp-block-columns is-layout-flex wp-container-core-columns-is-layout-28f84493 wp-block-columns-is-layout-flex\"><\/div>","protected":false},"excerpt":{"rendered":"<p>Le studio Spacemakers a \u00e9t\u00e9 invit\u00e9 \u00e0 r\u00e9aliser le r\u00e9am\u00e9nagement et l'extension d'une maison familiale. Il a \u00e9galement \u00e9t\u00e9 charg\u00e9 de l'am\u00e9nagement int\u00e9rieur et de la d\u00e9coration. La maison appartient \u00e0 l'un des premiers lotissements du quartier Restelo. Les travaux comprenaient l'extension de la zone de construction existante ainsi que [...]<\/p>","protected":false},"author":1,"featured_media":1445,"comment_status":"closed","ping_status":"closed","sticky":true,"template":"","format":"standard","meta":{"footnotes":""},"categories":[20],"tags":[23],"class_list":["post-1432","post","type-post","status-publish","format-standard","has-post-thumbnail","hentry","category-residencial","tag-residencial"],"_links":{"self":[{"href":"https:\/\/www.spacemakers.pt\/fr\/wp-json\/wp\/v2\/posts\/1432","targetHints":{"allow":["GET"]}}],"collection":[{"href":"https:\/\/www.spacemakers.pt\/fr\/wp-json\/wp\/v2\/posts"}],"about":[{"href":"https:\/\/www.spacemakers.pt\/fr\/wp-json\/wp\/v2\/types\/post"}],"author":[{"embeddable":true,"href":"https:\/\/www.spacemakers.pt\/fr\/wp-json\/wp\/v2\/users\/1"}],"replies":[{"embeddable":true,"href":"https:\/\/www.spacemakers.pt\/fr\/wp-json\/wp\/v2\/comments?post=1432"}],"version-history":[{"count":5,"href":"https:\/\/www.spacemakers.pt\/fr\/wp-json\/wp\/v2\/posts\/1432\/revisions"}],"predecessor-version":[{"id":4803,"href":"https:\/\/www.spacemakers.pt\/fr\/wp-json\/wp\/v2\/posts\/1432\/revisions\/4803"}],"wp:featuredmedia":[{"embeddable":true,"href":"https:\/\/www.spacemakers.pt\/fr\/wp-json\/wp\/v2\/media\/1445"}],"wp:attachment":[{"href":"https:\/\/www.spacemakers.pt\/fr\/wp-json\/wp\/v2\/media?parent=1432"}],"wp:term":[{"taxonomy":"category","embeddable":true,"href":"https:\/\/www.spacemakers.pt\/fr\/wp-json\/wp\/v2\/categories?post=1432"},{"taxonomy":"post_tag","embeddable":true,"href":"https:\/\/www.spacemakers.pt\/fr\/wp-json\/wp\/v2\/tags?post=1432"}],"curies":[{"name":"wp","href":"https:\/\/api.w.org\/{rel}","templated":true}]}}