{"id":1258,"date":"2023-12-10T14:10:58","date_gmt":"2023-12-10T14:10:58","guid":{"rendered":"https:\/\/spacemakers.pt\/unidade-hoteleira-alojamento-dos-atletas-copy\/"},"modified":"2023-12-12T10:03:56","modified_gmt":"2023-12-12T10:03:56","slug":"appartement-a-louer","status":"publish","type":"post","link":"https:\/\/www.spacemakers.pt\/fr\/appartement-a-louer\/","title":{"rendered":"Appartement Jo\u00e3o Cris\u00f3stomo"},"content":{"rendered":"<p>L'atelier Spacemakers a \u00e9t\u00e9 charg\u00e9 de l'am\u00e9nagement int\u00e9rieur et de la d\u00e9coration d'un appartement de style ancien situ\u00e9 dans l'un des quartiers les plus nobles du centre de Lisbonne, sur l'avenue Jo\u00e3o Cris\u00f3stomo.<br>Cet appartement de cinq chambres a \u00e9t\u00e9 profond\u00e9ment remodel\u00e9 tout en conservant ses propres caract\u00e9ristiques. Des plafonds g\u00e9n\u00e9reux avec des motifs sculpt\u00e9s, entre autres d\u00e9tails, conf\u00e8rent \u00e0 cette maison un charisme particulier.<\/p>\n\n\n\n<p>Gr\u00e2ce \u00e0 une approche ax\u00e9e sur le confort, le design intemporel et les mat\u00e9riaux de qualit\u00e9, Spacemakers a recr\u00e9\u00e9 son espace int\u00e9rieur.<\/p>\n\n\n\n<div style=\"height:50px\" aria-hidden=\"true\" class=\"wp-block-spacer\"><\/div>\n\n\n\n<figure class=\"wp-block-gallery has-nested-images columns-default is-cropped wp-block-gallery-1 is-layout-flex wp-block-gallery-is-layout-flex\">\n<figure class=\"wp-block-image size-full\"><img fetchpriority=\"high\" decoding=\"async\" width=\"1024\" height=\"684\" data-id=\"1265\" src=\"https:\/\/www.spacemakers.pt\/wp-content\/uploads\/2023\/10\/sm_DSC9120-1024x684-1.jpeg\" alt=\"\" class=\"wp-image-1265\" srcset=\"https:\/\/www.spacemakers.pt\/wp-content\/uploads\/2023\/10\/sm_DSC9120-1024x684-1.jpeg 1024w, https:\/\/www.spacemakers.pt\/wp-content\/uploads\/2023\/10\/sm_DSC9120-1024x684-1-300x200.jpeg 300w, https:\/\/www.spacemakers.pt\/wp-content\/uploads\/2023\/10\/sm_DSC9120-1024x684-1-768x513.jpeg 768w\" sizes=\"(max-width: 1024px) 100vw, 1024px\" \/><\/figure>\n<\/figure>\n\n\n\n<figure class=\"wp-block-gallery has-nested-images columns-default is-cropped wp-block-gallery-2 is-layout-flex wp-block-gallery-is-layout-flex\">\n<figure class=\"wp-block-image size-full\"><img decoding=\"async\" width=\"684\" height=\"1024\" data-id=\"1268\" src=\"https:\/\/www.spacemakers.pt\/wp-content\/uploads\/2023\/10\/sm_DSC9151-684x1024-1.jpeg\" alt=\"\" class=\"wp-image-1268\" srcset=\"https:\/\/www.spacemakers.pt\/wp-content\/uploads\/2023\/10\/sm_DSC9151-684x1024-1.jpeg 684w, https:\/\/www.spacemakers.pt\/wp-content\/uploads\/2023\/10\/sm_DSC9151-684x1024-1-200x300.jpeg 200w\" sizes=\"(max-width: 684px) 100vw, 684px\" \/><\/figure>\n\n\n\n<figure class=\"wp-block-image size-full\"><img decoding=\"async\" width=\"683\" height=\"1024\" data-id=\"1261\" src=\"https:\/\/www.spacemakers.pt\/wp-content\/uploads\/2023\/10\/sm_DSC5269-683x1024-1.jpeg\" alt=\"\" class=\"wp-image-1261\" srcset=\"https:\/\/www.spacemakers.pt\/wp-content\/uploads\/2023\/10\/sm_DSC5269-683x1024-1.jpeg 683w, https:\/\/www.spacemakers.pt\/wp-content\/uploads\/2023\/10\/sm_DSC5269-683x1024-1-200x300.jpeg 200w\" sizes=\"(max-width: 683px) 100vw, 683px\" \/><\/figure>\n<\/figure>\n\n\n\n<div style=\"height:50px\" aria-hidden=\"true\" class=\"wp-block-spacer\"><\/div>\n\n\n\n<p>Dans l'espace social, l'accent a \u00e9t\u00e9 mis sur la cr\u00e9ation d'une atmosph\u00e8re chaleureuse, obtenue gr\u00e2ce \u00e0 la s\u00e9lection de tissus et de papiers peints. Les pi\u00e8ces personnalis\u00e9es de l'atelier se distinguent, comme les biblioth\u00e8ques, les tapis et d'autres objets.<\/p>\n\n\n\n<div style=\"height:50px\" aria-hidden=\"true\" class=\"wp-block-spacer\"><\/div>\n\n\n\n<figure class=\"wp-block-gallery has-nested-images columns-default is-cropped wp-block-gallery-3 is-layout-flex wp-block-gallery-is-layout-flex\">\n<figure class=\"wp-block-image size-full\"><img loading=\"lazy\" decoding=\"async\" width=\"683\" height=\"1024\" data-id=\"1260\" src=\"https:\/\/www.spacemakers.pt\/wp-content\/uploads\/2023\/10\/sm_DSC5256-683x1024-1.jpeg\" alt=\"\" class=\"wp-image-1260\" srcset=\"https:\/\/www.spacemakers.pt\/wp-content\/uploads\/2023\/10\/sm_DSC5256-683x1024-1.jpeg 683w, https:\/\/www.spacemakers.pt\/wp-content\/uploads\/2023\/10\/sm_DSC5256-683x1024-1-200x300.jpeg 200w\" sizes=\"(max-width: 683px) 100vw, 683px\" \/><\/figure>\n\n\n\n<figure class=\"wp-block-image size-full\"><img loading=\"lazy\" decoding=\"async\" width=\"684\" height=\"1024\" data-id=\"1270\" src=\"https:\/\/www.spacemakers.pt\/wp-content\/uploads\/2023\/10\/sm_DSC9172-684x1024-1.jpeg\" alt=\"\" class=\"wp-image-1270\" srcset=\"https:\/\/www.spacemakers.pt\/wp-content\/uploads\/2023\/10\/sm_DSC9172-684x1024-1.jpeg 684w, https:\/\/www.spacemakers.pt\/wp-content\/uploads\/2023\/10\/sm_DSC9172-684x1024-1-200x300.jpeg 200w\" sizes=\"(max-width: 684px) 100vw, 684px\" \/><\/figure>\n<\/figure>\n\n\n\n<figure class=\"wp-block-image size-full is-resized\"><img decoding=\"async\" src=\"https:\/\/www.spacemakers.pt\/wp-content\/uploads\/2023\/10\/sm_DSC9131-1024x684-1.jpeg\" alt=\"\" class=\"wp-image-1267\" style=\"width:1205px\" width=\"1205\" srcset=\"https:\/\/www.spacemakers.pt\/wp-content\/uploads\/2023\/10\/sm_DSC9131-1024x684-1.jpeg 1024w, https:\/\/www.spacemakers.pt\/wp-content\/uploads\/2023\/10\/sm_DSC9131-1024x684-1-300x200.jpeg 300w, https:\/\/www.spacemakers.pt\/wp-content\/uploads\/2023\/10\/sm_DSC9131-1024x684-1-768x513.jpeg 768w\" sizes=\"(max-width: 1024px) 100vw, 1024px\" \/><\/figure>\n\n\n\n<figure class=\"wp-block-image size-full is-resized\"><img decoding=\"async\" src=\"https:\/\/www.spacemakers.pt\/wp-content\/uploads\/2023\/10\/sm_DSC9199-1024x684-1.jpeg\" alt=\"\" class=\"wp-image-1272\" style=\"width:1205px\" width=\"1205\" srcset=\"https:\/\/www.spacemakers.pt\/wp-content\/uploads\/2023\/10\/sm_DSC9199-1024x684-1.jpeg 1024w, https:\/\/www.spacemakers.pt\/wp-content\/uploads\/2023\/10\/sm_DSC9199-1024x684-1-300x200.jpeg 300w, https:\/\/www.spacemakers.pt\/wp-content\/uploads\/2023\/10\/sm_DSC9199-1024x684-1-768x513.jpeg 768w\" sizes=\"(max-width: 1024px) 100vw, 1024px\" \/><\/figure>\n\n\n\n<figure class=\"wp-block-image size-full is-resized\"><img decoding=\"async\" src=\"https:\/\/www.spacemakers.pt\/wp-content\/uploads\/2023\/10\/sm_DSC9103-1024x1024-1.jpeg\" alt=\"\" class=\"wp-image-1264\" style=\"width:1205px\" width=\"1205\" srcset=\"https:\/\/www.spacemakers.pt\/wp-content\/uploads\/2023\/10\/sm_DSC9103-1024x1024-1.jpeg 1024w, https:\/\/www.spacemakers.pt\/wp-content\/uploads\/2023\/10\/sm_DSC9103-1024x1024-1-300x300.jpeg 300w, https:\/\/www.spacemakers.pt\/wp-content\/uploads\/2023\/10\/sm_DSC9103-1024x1024-1-150x150.jpeg 150w, https:\/\/www.spacemakers.pt\/wp-content\/uploads\/2023\/10\/sm_DSC9103-1024x1024-1-768x768.jpeg 768w\" sizes=\"(max-width: 1024px) 100vw, 1024px\" \/><\/figure>\n\n\n\n<figure class=\"wp-block-image size-full is-resized\"><img decoding=\"async\" src=\"https:\/\/www.spacemakers.pt\/wp-content\/uploads\/2023\/10\/sm_DSC9204-1024x684-1.jpeg\" alt=\"\" class=\"wp-image-1273\" style=\"width:1205px\" width=\"1205\" srcset=\"https:\/\/www.spacemakers.pt\/wp-content\/uploads\/2023\/10\/sm_DSC9204-1024x684-1.jpeg 1024w, https:\/\/www.spacemakers.pt\/wp-content\/uploads\/2023\/10\/sm_DSC9204-1024x684-1-300x200.jpeg 300w, https:\/\/www.spacemakers.pt\/wp-content\/uploads\/2023\/10\/sm_DSC9204-1024x684-1-768x513.jpeg 768w\" sizes=\"(max-width: 1024px) 100vw, 1024px\" \/><\/figure>\n\n\n\n<p><\/p>\n\n\n\n<p>La cuisine, grande et tr\u00e8s lumineuse, est l'espace o\u00f9 la famille se r\u00e9unit tous les jours pour les repas, ce qui a conduit \u00e0 l'am\u00e9nagement d'une salle \u00e0 manger \u00e0 caract\u00e8re social. L'\u00e9tag\u00e8re con\u00e7ue sur mesure par l'atelier pour supporter le petit-d\u00e9jeuner et la culture de plantes aromatiques se distinguent, tout comme le choix de l'\u00e9clairage d\u00e9coratif et du papier peint.<\/p>\n\n\n\n<p><br>La suite parentale a \u00e9t\u00e9 repens\u00e9e, cr\u00e9ant un espace de travail intime. Juste \u00e0 c\u00f4t\u00e9, une nouvelle salle de bains, rev\u00eatue de marbre calacata, beaucoup plus fonctionnelle et \u00e9l\u00e9gante, est marqu\u00e9e par la transparence de la suite dans laquelle le d\u00e9tail du rideau vient parfaire l'ambiance sophistiqu\u00e9e.<\/p>\n\n\n\n<p><\/p>\n\n\n\n<p>Photographie Ricardo Junqueira<\/p>","protected":false},"excerpt":{"rendered":"<p>L'atelier Spacemakers a \u00e9t\u00e9 charg\u00e9 du projet d'am\u00e9nagement int\u00e9rieur et de d\u00e9coration d'un appartement ancien situ\u00e9 dans l'un des quartiers les plus nobles du centre de Lisbonne, sur l'Avenida Jo\u00e3o Cris\u00f3stomo.Cet appartement de cinq chambres a \u00e9t\u00e9 largement r\u00e9nov\u00e9, tout en conservant ses propres caract\u00e9ristiques. Une hauteur de plafond g\u00e9n\u00e9reuse et des plafonds avec des motifs sculpt\u00e9s, entre autres d\u00e9tails [...]<\/p>","protected":false},"author":1,"featured_media":1264,"comment_status":"closed","ping_status":"closed","sticky":true,"template":"","format":"standard","meta":{"footnotes":""},"categories":[20],"tags":[23],"class_list":["post-1258","post","type-post","status-publish","format-standard","has-post-thumbnail","hentry","category-residencial","tag-residencial"],"_links":{"self":[{"href":"https:\/\/www.spacemakers.pt\/fr\/wp-json\/wp\/v2\/posts\/1258","targetHints":{"allow":["GET"]}}],"collection":[{"href":"https:\/\/www.spacemakers.pt\/fr\/wp-json\/wp\/v2\/posts"}],"about":[{"href":"https:\/\/www.spacemakers.pt\/fr\/wp-json\/wp\/v2\/types\/post"}],"author":[{"embeddable":true,"href":"https:\/\/www.spacemakers.pt\/fr\/wp-json\/wp\/v2\/users\/1"}],"replies":[{"embeddable":true,"href":"https:\/\/www.spacemakers.pt\/fr\/wp-json\/wp\/v2\/comments?post=1258"}],"version-history":[{"count":4,"href":"https:\/\/www.spacemakers.pt\/fr\/wp-json\/wp\/v2\/posts\/1258\/revisions"}],"predecessor-version":[{"id":3740,"href":"https:\/\/www.spacemakers.pt\/fr\/wp-json\/wp\/v2\/posts\/1258\/revisions\/3740"}],"wp:featuredmedia":[{"embeddable":true,"href":"https:\/\/www.spacemakers.pt\/fr\/wp-json\/wp\/v2\/media\/1264"}],"wp:attachment":[{"href":"https:\/\/www.spacemakers.pt\/fr\/wp-json\/wp\/v2\/media?parent=1258"}],"wp:term":[{"taxonomy":"category","embeddable":true,"href":"https:\/\/www.spacemakers.pt\/fr\/wp-json\/wp\/v2\/categories?post=1258"},{"taxonomy":"post_tag","embeddable":true,"href":"https:\/\/www.spacemakers.pt\/fr\/wp-json\/wp\/v2\/tags?post=1258"}],"curies":[{"name":"wp","href":"https:\/\/api.w.org\/{rel}","templated":true}]}}