{"id":1251,"date":"2023-12-24T14:04:05","date_gmt":"2023-12-24T14:04:05","guid":{"rendered":"https:\/\/spacemakers.pt\/unidade-hoteleira-alojamento-dos-atletas-copy\/"},"modified":"2024-02-26T09:42:39","modified_gmt":"2024-02-26T09:42:39","slug":"restaurant-football-city","status":"publish","type":"post","link":"https:\/\/www.spacemakers.pt\/fr\/restaurant-football-city\/","title":{"rendered":"Restaurant Cidade do Futebol"},"content":{"rendered":"<p>Le studio Spacemakers a \u00e9t\u00e9 invit\u00e9 \u00e0 concevoir l'am\u00e9nagement int\u00e9rieur du restaurant et de la caf\u00e9t\u00e9ria Cidade do Futebol.<br>l'Atelier a r\u00e9pondu \u00e0 l'objectif du concept principal : un espace \u00e0 l'atmosph\u00e8re familiale, caract\u00e9ris\u00e9 par un sentiment de portugaisit\u00e9.<\/p>\n\n\n\n<p>Gr\u00e2ce \u00e0 une approche ax\u00e9e sur le confort, un design intemporel et des mat\u00e9riaux de qualit\u00e9, l'accent a \u00e9t\u00e9 mis sur les mat\u00e9riaux nationaux, tels que les carreaux de c\u00e9ramique faits \u00e0 la main, un choix de textiles fabriqu\u00e9s dans le pays, le bois, le fer et le verre.<\/p>\n\n\n\n<p><\/p>\n\n\n\n<div style=\"height:50px\" aria-hidden=\"true\" class=\"wp-block-spacer\"><\/div>\n\n\n\n<figure class=\"wp-block-gallery has-nested-images columns-default is-cropped wp-block-gallery-1 is-layout-flex wp-block-gallery-is-layout-flex\">\n<figure class=\"wp-block-image size-large\"><img fetchpriority=\"high\" decoding=\"async\" width=\"1024\" height=\"683\" data-id=\"1247\" src=\"https:\/\/www.spacemakers.pt\/wp-content\/uploads\/2023\/10\/restaurante-novo-_-1024x683.jpeg\" alt=\"\" class=\"wp-image-1247\" srcset=\"https:\/\/www.spacemakers.pt\/wp-content\/uploads\/2023\/10\/restaurante-novo-_-1024x683.jpeg 1024w, https:\/\/www.spacemakers.pt\/wp-content\/uploads\/2023\/10\/restaurante-novo-_-300x200.jpeg 300w, https:\/\/www.spacemakers.pt\/wp-content\/uploads\/2023\/10\/restaurante-novo-_-768x512.jpeg 768w, https:\/\/www.spacemakers.pt\/wp-content\/uploads\/2023\/10\/restaurante-novo-_-1536x1025.jpeg 1536w, https:\/\/www.spacemakers.pt\/wp-content\/uploads\/2023\/10\/restaurante-novo-_.jpeg 1920w\" sizes=\"(max-width: 1024px) 100vw, 1024px\" \/><\/figure>\n<\/figure>\n\n\n\n<figure class=\"wp-block-image size-full is-resized\"><img decoding=\"async\" src=\"https:\/\/www.spacemakers.pt\/wp-content\/uploads\/2023\/10\/Cidade-do-Futebol_039-1024x684-1.jpeg\" alt=\"\" class=\"wp-image-1245\" style=\"width:1210px\" width=\"1210\" srcset=\"https:\/\/www.spacemakers.pt\/wp-content\/uploads\/2023\/10\/Cidade-do-Futebol_039-1024x684-1.jpeg 1024w, https:\/\/www.spacemakers.pt\/wp-content\/uploads\/2023\/10\/Cidade-do-Futebol_039-1024x684-1-300x200.jpeg 300w, https:\/\/www.spacemakers.pt\/wp-content\/uploads\/2023\/10\/Cidade-do-Futebol_039-1024x684-1-768x513.jpeg 768w\" sizes=\"(max-width: 1024px) 100vw, 1024px\" \/><\/figure>\n\n\n\n<div style=\"height:50px\" aria-hidden=\"true\" class=\"wp-block-spacer\"><\/div>\n\n\n\n<p><br>Cette hypoth\u00e8se s'\u00e9tend au choix m\u00eame d'un groupe d'oliviers dans la grande jardini\u00e8re au centre de l'espace, qui transmet la tranquillit\u00e9 m\u00e9diterran\u00e9enne pendant les moments de conversation.<\/p>\n\n\n\n<p><br>Sur la terrasse ext\u00e9rieure, en \u00e9troite communication avec l'espace int\u00e9rieur, se trouve un nouvel espace social couvert, un espace qui encourage la convivialit\u00e9, avec deux espaces lounge.<\/p>\n\n\n\n<div style=\"height:50px\" aria-hidden=\"true\" class=\"wp-block-spacer\"><\/div>\n\n\n\n<figure class=\"wp-block-image size-full is-resized\"><img decoding=\"async\" src=\"https:\/\/www.spacemakers.pt\/wp-content\/uploads\/2023\/10\/Cidade-do-Futebol_027-1024x684-1.jpeg\" alt=\"\" class=\"wp-image-1244\" style=\"width:1210px\" width=\"1210\" srcset=\"https:\/\/www.spacemakers.pt\/wp-content\/uploads\/2023\/10\/Cidade-do-Futebol_027-1024x684-1.jpeg 1024w, https:\/\/www.spacemakers.pt\/wp-content\/uploads\/2023\/10\/Cidade-do-Futebol_027-1024x684-1-300x200.jpeg 300w, https:\/\/www.spacemakers.pt\/wp-content\/uploads\/2023\/10\/Cidade-do-Futebol_027-1024x684-1-768x513.jpeg 768w\" sizes=\"(max-width: 1024px) 100vw, 1024px\" \/><\/figure>\n\n\n\n<div style=\"height:50px\" aria-hidden=\"true\" class=\"wp-block-spacer\"><\/div>\n\n\n\n<p>Le r\u00e9sultat est un espace confortable et fonctionnel avec un design int\u00e9rieur distinctif qui souligne l'hospitalit\u00e9 de cet espace, vous invitant \u00e0 d\u00eener, \u00e0 vous inspirer ou \u00e0 organiser des r\u00e9unions informelles.<\/p>\n\n\n\n<p><\/p>\n\n\n\n<p>Photo avec l'aimable autorisation de Cidade do Futebol<\/p>","protected":false},"excerpt":{"rendered":"<p>Le studio Spacemakers a \u00e9t\u00e9 invit\u00e9 \u00e0 d\u00e9velopper le design int\u00e9rieur pour la r\u00e9novation du restaurant et de la caf\u00e9t\u00e9ria de Cidade do Futebol. Le studio a r\u00e9pondu \u00e0 l'objectif du concept principal : un espace \u00e0 l'atmosph\u00e8re famili\u00e8re, caract\u00e9ris\u00e9 par un sentiment de portugaisit\u00e9. Gr\u00e2ce \u00e0 une approche centr\u00e9e sur le confort, un design intemporel et des mat\u00e9riaux de qualit\u00e9, [...]<\/p>","protected":false},"author":1,"featured_media":1247,"comment_status":"closed","ping_status":"closed","sticky":false,"template":"","format":"standard","meta":{"footnotes":""},"categories":[19],"tags":[22],"class_list":["post-1251","post","type-post","status-publish","format-standard","has-post-thumbnail","hentry","category-comercial","tag-comercial"],"_links":{"self":[{"href":"https:\/\/www.spacemakers.pt\/fr\/wp-json\/wp\/v2\/posts\/1251","targetHints":{"allow":["GET"]}}],"collection":[{"href":"https:\/\/www.spacemakers.pt\/fr\/wp-json\/wp\/v2\/posts"}],"about":[{"href":"https:\/\/www.spacemakers.pt\/fr\/wp-json\/wp\/v2\/types\/post"}],"author":[{"embeddable":true,"href":"https:\/\/www.spacemakers.pt\/fr\/wp-json\/wp\/v2\/users\/1"}],"replies":[{"embeddable":true,"href":"https:\/\/www.spacemakers.pt\/fr\/wp-json\/wp\/v2\/comments?post=1251"}],"version-history":[{"count":5,"href":"https:\/\/www.spacemakers.pt\/fr\/wp-json\/wp\/v2\/posts\/1251\/revisions"}],"predecessor-version":[{"id":3739,"href":"https:\/\/www.spacemakers.pt\/fr\/wp-json\/wp\/v2\/posts\/1251\/revisions\/3739"}],"wp:featuredmedia":[{"embeddable":true,"href":"https:\/\/www.spacemakers.pt\/fr\/wp-json\/wp\/v2\/media\/1247"}],"wp:attachment":[{"href":"https:\/\/www.spacemakers.pt\/fr\/wp-json\/wp\/v2\/media?parent=1251"}],"wp:term":[{"taxonomy":"category","embeddable":true,"href":"https:\/\/www.spacemakers.pt\/fr\/wp-json\/wp\/v2\/categories?post=1251"},{"taxonomy":"post_tag","embeddable":true,"href":"https:\/\/www.spacemakers.pt\/fr\/wp-json\/wp\/v2\/tags?post=1251"}],"curies":[{"name":"wp","href":"https:\/\/api.w.org\/{rel}","templated":true}]}}